{"id":1840,"date":"2021-01-25T13:09:00","date_gmt":"2021-01-25T12:09:00","guid":{"rendered":"https:\/\/hakansonunited.se\/2021\/01\/25\/wwf-samlar-folket-med-jubileumskampanjen-ar-du-med\/"},"modified":"2025-01-14T16:05:18","modified_gmt":"2025-01-14T15:05:18","slug":"wwf-samlar-folket-med-jubileumskampanjen-ar-du-med","status":"publish","type":"post","link":"https:\/\/hakansonunited.se\/sv\/2021\/01\/25\/wwf-samlar-folket-med-jubileumskampanjen-ar-du-med\/","title":{"rendered":"WWF samlar folket med jubileumskampanjen \u2013 \u00c4r du med?"},"content":{"rendered":"\n<p><strong>I 50 \u00e5r har WWF Sverige jobbat f\u00f6r att hejda f\u00f6rst\u00f6relsen av jordens naturliga livsmilj\u00f6er. I samband med 50 \u00e5rsjubileet vill organisationen uppm\u00e4rksamma den akuta kris som v\u00e4rlden befinner sig i men ocks\u00e5 visa p\u00e5 hur alla kan bidra och g\u00f6ra skillnad. Idag 25 januari lanseras <em>\u00c4r du med<\/em>, en helintegrerad kampanj som l\u00f6per \u00f6ver hela jubileums\u00e5ret med flera stora aktiveringar som turn\u00e9 och insamlingsgala i TV4. <\/strong><\/p>\n\n<p>Kampanjen <em>\u00c4r du med<\/em> tar avstamp i v\u00e5r tids stora \u00f6desfr\u00e5gor som r\u00f6r v\u00e5r planet. Fokus ligger p\u00e5 att stoppa den negativa utvecklingen och f\u00e5 till en h\u00e5llbar omst\u00e4llning. Kampanjen uppmanar till handlingskraft och riktar sig till allm\u00e4nheten, men ocks\u00e5 till skolor, kommuner och f\u00f6retag. F\u00f6r allm\u00e4nheten har 50 st f\u00f6r\u00e4ndringar p\u00e5 olika niv\u00e5er och situationer i vardagen tagits fram s\u00e5 alla kan p\u00e5b\u00f6rja sin egen h\u00e5llbarhetsresa utifr\u00e5n sina egna f\u00f6ruts\u00e4ttningar. Ett av m\u00e5len \u00e4r att f\u00e5 s\u00e5 m\u00e5nga som m\u00f6jligt att engagera sig, eftersom det \u00e4r d\u00e5 det kan bli verklig skillnad. D\u00e4rf\u00f6r m\u00e4ts ocks\u00e5 deltagandet l\u00f6pande och topplistor tas fram \u00f6ver de mest popul\u00e4ra f\u00f6r\u00e4ndringarna.<\/p>\n\n<p><em>\u2013 <\/em><em>Vi har medvetet tagit oss utanf\u00f6r v\u00e5r comfort zone och vill utmana s\u00e4ttet klimat och milj\u00f6fr\u00e5gor vanligtvis kommuniceras. Nu handlar det om att engagera brett och visa p\u00e5 hur alla kan vara med och bidra till en b\u00e4ttre v\u00e4rld, helt enkelt f\u00f6r att det \u00e4r r\u00e4tt sak att g\u00f6ra, <\/em>s\u00e4ger Lisbeth Larsson, kommunikationschef WWF.<\/p>\n\n<p>Den helintegrerade kampanjen \u00e4r framtagen tillsammans med byr\u00e5n H\u00e5kanson<br\/>United som 2019 gick vinnande ur ett pitchf\u00f6rfarande med sin id\u00e9 f\u00f6r en jubileumskampanj som innefattade b\u00e5de turn\u00e9 och insamlingsgala. Under v\u00e5ren kommer d\u00e4rf\u00f6r WWF \u00e4ven ge sig ut p\u00e5 en digital turn\u00e9 och ta <em>\u00c4r du med<\/em> kampanjen ut i landet och n\u00e4ra folket. Den 26 augusti \u00e4r det sedan dags f\u00f6r den f\u00f6rsta galan f\u00f6r planeten att s\u00e4ndas live i TV4. Mer information om dessa och fler aktiveringar under jubileums\u00e5ret kommer under v\u00e5ren.<\/p>\n\n<p>\u2013 <em> Det \u00e4r en \u00e4ra att f\u00e5 jobba med WWF i den h\u00e4r satsningen. Klimat- och milj\u00f6fr\u00e5gor har aldrig varit viktigare och genomsyrar idag s\u00e5 gott som alla delar av samh\u00e4llet. Det engagemanget har vi velat f\u00e5nga upp och kanalisera till en positiv kraft i \u00c4r du med<\/em>, s\u00e4ger Petter H\u00e5kanson, vd p\u00e5 H\u00e5kanson United<\/p>\n\n<p>En kampanjfilm kommer att visas i TV och sociala medier, parallellt med annonsering i rikspress, utomhusreklam, kulturtavlor samt digital annonsering. Kampanjen kan f\u00f6ljas p\u00e5<br\/>sociala medier under #\u00e4rdumed #WWFSverige50. L\u00e4nk till kampanjsidan:<a href=\"http:\/\/www.wwf.se\/ardumed\"> www.wwf.se\/ardumed<\/a> (\u00f6ppnas 25 januari)<br\/>Kampanjfilm: l\u00e4nk<br\/>Exempel annons: (bifogat) <\/p>\n\n<figure class=\"wp-block-image size-full\"><img loading=\"lazy\" decoding=\"async\" width=\"768\" height=\"515\" src=\"\/wp-content\/uploads\/2023\/01\/wwf-gala.jpeg\" alt=\"\" class=\"wp-image-569\" srcset=\"https:\/\/hakansonunited.se\/wp-content\/uploads\/2023\/01\/wwf-gala.jpeg 768w, https:\/\/hakansonunited.se\/wp-content\/uploads\/2023\/01\/wwf-gala-300x201.jpeg 300w, https:\/\/hakansonunited.se\/wp-content\/uploads\/2023\/01\/wwf-gala-500x335.jpeg 500w\" sizes=\"auto, (max-width: 768px) 100vw, 768px\" \/><\/figure>\n\n<p><strong>Kampanjfakta:<\/strong><br\/><br\/>Huvudbyr\u00e5: H\u00e5kanson United<br\/><br\/>Kampanjnamn: \u00c4r du med?<br\/>Kampanjnamn + tagline: \u00c4r du med &#8211; f\u00f6r v\u00e5r enda planet<br\/>Kampanjfilm: l\u00e4nk<br\/>Exempel kampanjannons: (bifogat) <\/p>\n\n<p>Filmproduktion: Giants &amp; Toys<br\/>\u00d6vriga byr\u00e5er: BrandLine &amp; Heep Agency<br\/>Webbyr\u00e5: Triggerfish<br\/>Produktionsbolag tv: Scandinavian Content Group<\/p>\n","protected":false},"excerpt":{"rendered":"<p>I 50 \u00e5r har WWF Sverige jobbat f\u00f6r att hejda f\u00f6rst\u00f6relsen av jordens naturliga livsmilj\u00f6er. I samband med 50 \u00e5rsjubileet vill organisationen uppm\u00e4rksamma den akuta kris som v\u00e4rlden befinner sig i men ocks\u00e5 visa p\u00e5 hur alla kan bidra och g\u00f6ra skillnad. Idag 25 januari lanseras \u00c4r du med, en helintegrerad kampanj som l\u00f6per \u00f6ver [&hellip;]<\/p>\n","protected":false},"author":2,"featured_media":1699,"comment_status":"closed","ping_status":"closed","sticky":false,"template":"","format":"standard","meta":{"inline_featured_image":false,"footnotes":""},"categories":[25,27],"tags":[],"class_list":["post-1840","post","type-post","status-publish","format-standard","has-post-thumbnail","hentry","category-creative-sport-agency-sv","category-pressreleaser"],"yoast_head":"<!-- This site is optimized with the Yoast SEO plugin v27.3 - https:\/\/yoast.com\/product\/yoast-seo-wordpress\/ -->\n<title>WWF samlar folket med jubileumskampanjen \u2013 \u00c4r du med? - H\u00e5kanson United<\/title>\n<meta name=\"robots\" content=\"index, follow, max-snippet:-1, max-image-preview:large, max-video-preview:-1\" \/>\n<link rel=\"canonical\" href=\"https:\/\/hakansonunited.se\/sv\/2021\/01\/25\/wwf-samlar-folket-med-jubileumskampanjen-ar-du-med\/\" \/>\n<meta property=\"og:locale\" content=\"sv_SE\" \/>\n<meta property=\"og:type\" content=\"article\" \/>\n<meta property=\"og:title\" content=\"WWF samlar folket med jubileumskampanjen \u2013 \u00c4r du med? - H\u00e5kanson United\" \/>\n<meta property=\"og:description\" content=\"I 50 \u00e5r har WWF Sverige jobbat f\u00f6r att hejda f\u00f6rst\u00f6relsen av jordens naturliga livsmilj\u00f6er. I samband med 50 \u00e5rsjubileet vill organisationen uppm\u00e4rksamma den akuta kris som v\u00e4rlden befinner sig i men ocks\u00e5 visa p\u00e5 hur alla kan bidra och g\u00f6ra skillnad. Idag 25 januari lanseras \u00c4r du med, en helintegrerad kampanj som l\u00f6per \u00f6ver [&hellip;]\" \/>\n<meta property=\"og:url\" content=\"https:\/\/hakansonunited.se\/sv\/2021\/01\/25\/wwf-samlar-folket-med-jubileumskampanjen-ar-du-med\/\" \/>\n<meta property=\"og:site_name\" content=\"H\u00e5kanson United\" \/>\n<meta property=\"article:publisher\" content=\"https:\/\/www.facebook.com\/HakansonUnited\/\" \/>\n<meta property=\"article:published_time\" content=\"2021-01-25T12:09:00+00:00\" \/>\n<meta property=\"article:modified_time\" content=\"2025-01-14T15:05:18+00:00\" \/>\n<meta property=\"og:image\" content=\"https:\/\/hakansonunited.se\/wp-content\/uploads\/2023\/01\/2048x1365news.jpg\" \/>\n\t<meta property=\"og:image:width\" content=\"1\" \/>\n\t<meta property=\"og:image:height\" content=\"1\" \/>\n\t<meta property=\"og:image:type\" content=\"image\/jpeg\" \/>\n<meta name=\"author\" content=\"Emanuel Hallklint\" \/>\n<meta name=\"twitter:card\" content=\"summary_large_image\" \/>\n<meta name=\"twitter:label1\" content=\"Skriven av\" \/>\n\t<meta name=\"twitter:data1\" content=\"Emanuel Hallklint\" \/>\n\t<meta name=\"twitter:label2\" content=\"Ber\u00e4knad l\u00e4stid\" \/>\n\t<meta name=\"twitter:data2\" content=\"3 minuter\" \/>\n<script type=\"application\/ld+json\" class=\"yoast-schema-graph\">{\"@context\":\"https:\\\/\\\/schema.org\",\"@graph\":[{\"@type\":\"Article\",\"@id\":\"https:\\\/\\\/hakansonunited.se\\\/sv\\\/2021\\\/01\\\/25\\\/wwf-samlar-folket-med-jubileumskampanjen-ar-du-med\\\/#article\",\"isPartOf\":{\"@id\":\"https:\\\/\\\/hakansonunited.se\\\/sv\\\/2021\\\/01\\\/25\\\/wwf-samlar-folket-med-jubileumskampanjen-ar-du-med\\\/\"},\"author\":{\"name\":\"Emanuel Hallklint\",\"@id\":\"https:\\\/\\\/hakansonunited.se\\\/sv\\\/#\\\/schema\\\/person\\\/d69b5b966efb49dc6f09fdfd82839aaa\"},\"headline\":\"WWF samlar folket med jubileumskampanjen \u2013 \u00c4r du med?\",\"datePublished\":\"2021-01-25T12:09:00+00:00\",\"dateModified\":\"2025-01-14T15:05:18+00:00\",\"mainEntityOfPage\":{\"@id\":\"https:\\\/\\\/hakansonunited.se\\\/sv\\\/2021\\\/01\\\/25\\\/wwf-samlar-folket-med-jubileumskampanjen-ar-du-med\\\/\"},\"wordCount\":525,\"publisher\":{\"@id\":\"https:\\\/\\\/hakansonunited.se\\\/sv\\\/#organization\"},\"image\":{\"@id\":\"https:\\\/\\\/hakansonunited.se\\\/sv\\\/2021\\\/01\\\/25\\\/wwf-samlar-folket-med-jubileumskampanjen-ar-du-med\\\/#primaryimage\"},\"thumbnailUrl\":\"https:\\\/\\\/hakansonunited.se\\\/wp-content\\\/uploads\\\/2023\\\/01\\\/2048x1365news.jpg\",\"articleSection\":[\"Creative Sport Agency\",\"Pressreleaser\"],\"inLanguage\":\"sv-SE\"},{\"@type\":\"WebPage\",\"@id\":\"https:\\\/\\\/hakansonunited.se\\\/sv\\\/2021\\\/01\\\/25\\\/wwf-samlar-folket-med-jubileumskampanjen-ar-du-med\\\/\",\"url\":\"https:\\\/\\\/hakansonunited.se\\\/sv\\\/2021\\\/01\\\/25\\\/wwf-samlar-folket-med-jubileumskampanjen-ar-du-med\\\/\",\"name\":\"WWF samlar folket med jubileumskampanjen \u2013 \u00c4r du med? - H\u00e5kanson United\",\"isPartOf\":{\"@id\":\"https:\\\/\\\/hakansonunited.se\\\/sv\\\/#website\"},\"primaryImageOfPage\":{\"@id\":\"https:\\\/\\\/hakansonunited.se\\\/sv\\\/2021\\\/01\\\/25\\\/wwf-samlar-folket-med-jubileumskampanjen-ar-du-med\\\/#primaryimage\"},\"image\":{\"@id\":\"https:\\\/\\\/hakansonunited.se\\\/sv\\\/2021\\\/01\\\/25\\\/wwf-samlar-folket-med-jubileumskampanjen-ar-du-med\\\/#primaryimage\"},\"thumbnailUrl\":\"https:\\\/\\\/hakansonunited.se\\\/wp-content\\\/uploads\\\/2023\\\/01\\\/2048x1365news.jpg\",\"datePublished\":\"2021-01-25T12:09:00+00:00\",\"dateModified\":\"2025-01-14T15:05:18+00:00\",\"breadcrumb\":{\"@id\":\"https:\\\/\\\/hakansonunited.se\\\/sv\\\/2021\\\/01\\\/25\\\/wwf-samlar-folket-med-jubileumskampanjen-ar-du-med\\\/#breadcrumb\"},\"inLanguage\":\"sv-SE\",\"potentialAction\":[{\"@type\":\"ReadAction\",\"target\":[\"https:\\\/\\\/hakansonunited.se\\\/sv\\\/2021\\\/01\\\/25\\\/wwf-samlar-folket-med-jubileumskampanjen-ar-du-med\\\/\"]}]},{\"@type\":\"ImageObject\",\"inLanguage\":\"sv-SE\",\"@id\":\"https:\\\/\\\/hakansonunited.se\\\/sv\\\/2021\\\/01\\\/25\\\/wwf-samlar-folket-med-jubileumskampanjen-ar-du-med\\\/#primaryimage\",\"url\":\"https:\\\/\\\/hakansonunited.se\\\/wp-content\\\/uploads\\\/2023\\\/01\\\/2048x1365news.jpg\",\"contentUrl\":\"https:\\\/\\\/hakansonunited.se\\\/wp-content\\\/uploads\\\/2023\\\/01\\\/2048x1365news.jpg\"},{\"@type\":\"BreadcrumbList\",\"@id\":\"https:\\\/\\\/hakansonunited.se\\\/sv\\\/2021\\\/01\\\/25\\\/wwf-samlar-folket-med-jubileumskampanjen-ar-du-med\\\/#breadcrumb\",\"itemListElement\":[{\"@type\":\"ListItem\",\"position\":1,\"name\":\"Home\",\"item\":\"https:\\\/\\\/hakansonunited.se\\\/sv\\\/\"},{\"@type\":\"ListItem\",\"position\":2,\"name\":\"WWF samlar folket med jubileumskampanjen \u2013 \u00c4r du med?\"}]},{\"@type\":\"WebSite\",\"@id\":\"https:\\\/\\\/hakansonunited.se\\\/sv\\\/#website\",\"url\":\"https:\\\/\\\/hakansonunited.se\\\/sv\\\/\",\"name\":\"H\u00e5kanson United\",\"description\":\"We help brands do well by doing good\",\"publisher\":{\"@id\":\"https:\\\/\\\/hakansonunited.se\\\/sv\\\/#organization\"},\"potentialAction\":[{\"@type\":\"SearchAction\",\"target\":{\"@type\":\"EntryPoint\",\"urlTemplate\":\"https:\\\/\\\/hakansonunited.se\\\/sv\\\/?s={search_term_string}\"},\"query-input\":{\"@type\":\"PropertyValueSpecification\",\"valueRequired\":true,\"valueName\":\"search_term_string\"}}],\"inLanguage\":\"sv-SE\"},{\"@type\":\"Organization\",\"@id\":\"https:\\\/\\\/hakansonunited.se\\\/sv\\\/#organization\",\"name\":\"H\u00e5kanson United\",\"url\":\"https:\\\/\\\/hakansonunited.se\\\/sv\\\/\",\"logo\":{\"@type\":\"ImageObject\",\"inLanguage\":\"sv-SE\",\"@id\":\"https:\\\/\\\/hakansonunited.se\\\/sv\\\/#\\\/schema\\\/logo\\\/image\\\/\",\"url\":\"https:\\\/\\\/hakansonunited.se\\\/wp-content\\\/uploads\\\/2023\\\/01\\\/hakanson-united-logo.png\",\"contentUrl\":\"https:\\\/\\\/hakansonunited.se\\\/wp-content\\\/uploads\\\/2023\\\/01\\\/hakanson-united-logo.png\",\"width\":300,\"height\":116,\"caption\":\"H\u00e5kanson United\"},\"image\":{\"@id\":\"https:\\\/\\\/hakansonunited.se\\\/sv\\\/#\\\/schema\\\/logo\\\/image\\\/\"},\"sameAs\":[\"https:\\\/\\\/www.facebook.com\\\/HakansonUnited\\\/\"]},{\"@type\":\"Person\",\"@id\":\"https:\\\/\\\/hakansonunited.se\\\/sv\\\/#\\\/schema\\\/person\\\/d69b5b966efb49dc6f09fdfd82839aaa\",\"name\":\"Emanuel Hallklint\",\"image\":{\"@type\":\"ImageObject\",\"inLanguage\":\"sv-SE\",\"@id\":\"https:\\\/\\\/secure.gravatar.com\\\/avatar\\\/441c8c24e32381018a6afa8a180caa37516cc861c5a6819e988ade64b7a89e4e?s=96&d=mm&r=g\",\"url\":\"https:\\\/\\\/secure.gravatar.com\\\/avatar\\\/441c8c24e32381018a6afa8a180caa37516cc861c5a6819e988ade64b7a89e4e?s=96&d=mm&r=g\",\"contentUrl\":\"https:\\\/\\\/secure.gravatar.com\\\/avatar\\\/441c8c24e32381018a6afa8a180caa37516cc861c5a6819e988ade64b7a89e4e?s=96&d=mm&r=g\",\"caption\":\"Emanuel Hallklint\"},\"url\":\"https:\\\/\\\/hakansonunited.se\\\/sv\\\/author\\\/emanuel\\\/\"}]}<\/script>\n<!-- \/ Yoast SEO plugin. -->","yoast_head_json":{"title":"WWF samlar folket med jubileumskampanjen \u2013 \u00c4r du med? - H\u00e5kanson United","robots":{"index":"index","follow":"follow","max-snippet":"max-snippet:-1","max-image-preview":"max-image-preview:large","max-video-preview":"max-video-preview:-1"},"canonical":"https:\/\/hakansonunited.se\/sv\/2021\/01\/25\/wwf-samlar-folket-med-jubileumskampanjen-ar-du-med\/","og_locale":"sv_SE","og_type":"article","og_title":"WWF samlar folket med jubileumskampanjen \u2013 \u00c4r du med? - H\u00e5kanson United","og_description":"I 50 \u00e5r har WWF Sverige jobbat f\u00f6r att hejda f\u00f6rst\u00f6relsen av jordens naturliga livsmilj\u00f6er. I samband med 50 \u00e5rsjubileet vill organisationen uppm\u00e4rksamma den akuta kris som v\u00e4rlden befinner sig i men ocks\u00e5 visa p\u00e5 hur alla kan bidra och g\u00f6ra skillnad. Idag 25 januari lanseras \u00c4r du med, en helintegrerad kampanj som l\u00f6per \u00f6ver [&hellip;]","og_url":"https:\/\/hakansonunited.se\/sv\/2021\/01\/25\/wwf-samlar-folket-med-jubileumskampanjen-ar-du-med\/","og_site_name":"H\u00e5kanson United","article_publisher":"https:\/\/www.facebook.com\/HakansonUnited\/","article_published_time":"2021-01-25T12:09:00+00:00","article_modified_time":"2025-01-14T15:05:18+00:00","og_image":[{"url":"https:\/\/hakansonunited.se\/wp-content\/uploads\/2023\/01\/2048x1365news.jpg","width":1,"height":1,"type":"image\/jpeg"}],"author":"Emanuel Hallklint","twitter_card":"summary_large_image","twitter_misc":{"Skriven av":"Emanuel Hallklint","Ber\u00e4knad l\u00e4stid":"3 minuter"},"schema":{"@context":"https:\/\/schema.org","@graph":[{"@type":"Article","@id":"https:\/\/hakansonunited.se\/sv\/2021\/01\/25\/wwf-samlar-folket-med-jubileumskampanjen-ar-du-med\/#article","isPartOf":{"@id":"https:\/\/hakansonunited.se\/sv\/2021\/01\/25\/wwf-samlar-folket-med-jubileumskampanjen-ar-du-med\/"},"author":{"name":"Emanuel Hallklint","@id":"https:\/\/hakansonunited.se\/sv\/#\/schema\/person\/d69b5b966efb49dc6f09fdfd82839aaa"},"headline":"WWF samlar folket med jubileumskampanjen \u2013 \u00c4r du med?","datePublished":"2021-01-25T12:09:00+00:00","dateModified":"2025-01-14T15:05:18+00:00","mainEntityOfPage":{"@id":"https:\/\/hakansonunited.se\/sv\/2021\/01\/25\/wwf-samlar-folket-med-jubileumskampanjen-ar-du-med\/"},"wordCount":525,"publisher":{"@id":"https:\/\/hakansonunited.se\/sv\/#organization"},"image":{"@id":"https:\/\/hakansonunited.se\/sv\/2021\/01\/25\/wwf-samlar-folket-med-jubileumskampanjen-ar-du-med\/#primaryimage"},"thumbnailUrl":"https:\/\/hakansonunited.se\/wp-content\/uploads\/2023\/01\/2048x1365news.jpg","articleSection":["Creative Sport Agency","Pressreleaser"],"inLanguage":"sv-SE"},{"@type":"WebPage","@id":"https:\/\/hakansonunited.se\/sv\/2021\/01\/25\/wwf-samlar-folket-med-jubileumskampanjen-ar-du-med\/","url":"https:\/\/hakansonunited.se\/sv\/2021\/01\/25\/wwf-samlar-folket-med-jubileumskampanjen-ar-du-med\/","name":"WWF samlar folket med jubileumskampanjen \u2013 \u00c4r du med? - H\u00e5kanson United","isPartOf":{"@id":"https:\/\/hakansonunited.se\/sv\/#website"},"primaryImageOfPage":{"@id":"https:\/\/hakansonunited.se\/sv\/2021\/01\/25\/wwf-samlar-folket-med-jubileumskampanjen-ar-du-med\/#primaryimage"},"image":{"@id":"https:\/\/hakansonunited.se\/sv\/2021\/01\/25\/wwf-samlar-folket-med-jubileumskampanjen-ar-du-med\/#primaryimage"},"thumbnailUrl":"https:\/\/hakansonunited.se\/wp-content\/uploads\/2023\/01\/2048x1365news.jpg","datePublished":"2021-01-25T12:09:00+00:00","dateModified":"2025-01-14T15:05:18+00:00","breadcrumb":{"@id":"https:\/\/hakansonunited.se\/sv\/2021\/01\/25\/wwf-samlar-folket-med-jubileumskampanjen-ar-du-med\/#breadcrumb"},"inLanguage":"sv-SE","potentialAction":[{"@type":"ReadAction","target":["https:\/\/hakansonunited.se\/sv\/2021\/01\/25\/wwf-samlar-folket-med-jubileumskampanjen-ar-du-med\/"]}]},{"@type":"ImageObject","inLanguage":"sv-SE","@id":"https:\/\/hakansonunited.se\/sv\/2021\/01\/25\/wwf-samlar-folket-med-jubileumskampanjen-ar-du-med\/#primaryimage","url":"https:\/\/hakansonunited.se\/wp-content\/uploads\/2023\/01\/2048x1365news.jpg","contentUrl":"https:\/\/hakansonunited.se\/wp-content\/uploads\/2023\/01\/2048x1365news.jpg"},{"@type":"BreadcrumbList","@id":"https:\/\/hakansonunited.se\/sv\/2021\/01\/25\/wwf-samlar-folket-med-jubileumskampanjen-ar-du-med\/#breadcrumb","itemListElement":[{"@type":"ListItem","position":1,"name":"Home","item":"https:\/\/hakansonunited.se\/sv\/"},{"@type":"ListItem","position":2,"name":"WWF samlar folket med jubileumskampanjen \u2013 \u00c4r du med?"}]},{"@type":"WebSite","@id":"https:\/\/hakansonunited.se\/sv\/#website","url":"https:\/\/hakansonunited.se\/sv\/","name":"H\u00e5kanson United","description":"We help brands do well by doing good","publisher":{"@id":"https:\/\/hakansonunited.se\/sv\/#organization"},"potentialAction":[{"@type":"SearchAction","target":{"@type":"EntryPoint","urlTemplate":"https:\/\/hakansonunited.se\/sv\/?s={search_term_string}"},"query-input":{"@type":"PropertyValueSpecification","valueRequired":true,"valueName":"search_term_string"}}],"inLanguage":"sv-SE"},{"@type":"Organization","@id":"https:\/\/hakansonunited.se\/sv\/#organization","name":"H\u00e5kanson United","url":"https:\/\/hakansonunited.se\/sv\/","logo":{"@type":"ImageObject","inLanguage":"sv-SE","@id":"https:\/\/hakansonunited.se\/sv\/#\/schema\/logo\/image\/","url":"https:\/\/hakansonunited.se\/wp-content\/uploads\/2023\/01\/hakanson-united-logo.png","contentUrl":"https:\/\/hakansonunited.se\/wp-content\/uploads\/2023\/01\/hakanson-united-logo.png","width":300,"height":116,"caption":"H\u00e5kanson United"},"image":{"@id":"https:\/\/hakansonunited.se\/sv\/#\/schema\/logo\/image\/"},"sameAs":["https:\/\/www.facebook.com\/HakansonUnited\/"]},{"@type":"Person","@id":"https:\/\/hakansonunited.se\/sv\/#\/schema\/person\/d69b5b966efb49dc6f09fdfd82839aaa","name":"Emanuel Hallklint","image":{"@type":"ImageObject","inLanguage":"sv-SE","@id":"https:\/\/secure.gravatar.com\/avatar\/441c8c24e32381018a6afa8a180caa37516cc861c5a6819e988ade64b7a89e4e?s=96&d=mm&r=g","url":"https:\/\/secure.gravatar.com\/avatar\/441c8c24e32381018a6afa8a180caa37516cc861c5a6819e988ade64b7a89e4e?s=96&d=mm&r=g","contentUrl":"https:\/\/secure.gravatar.com\/avatar\/441c8c24e32381018a6afa8a180caa37516cc861c5a6819e988ade64b7a89e4e?s=96&d=mm&r=g","caption":"Emanuel Hallklint"},"url":"https:\/\/hakansonunited.se\/sv\/author\/emanuel\/"}]}},"_links":{"self":[{"href":"https:\/\/hakansonunited.se\/sv\/wp-json\/wp\/v2\/posts\/1840","targetHints":{"allow":["GET"]}}],"collection":[{"href":"https:\/\/hakansonunited.se\/sv\/wp-json\/wp\/v2\/posts"}],"about":[{"href":"https:\/\/hakansonunited.se\/sv\/wp-json\/wp\/v2\/types\/post"}],"author":[{"embeddable":true,"href":"https:\/\/hakansonunited.se\/sv\/wp-json\/wp\/v2\/users\/2"}],"replies":[{"embeddable":true,"href":"https:\/\/hakansonunited.se\/sv\/wp-json\/wp\/v2\/comments?post=1840"}],"version-history":[{"count":1,"href":"https:\/\/hakansonunited.se\/sv\/wp-json\/wp\/v2\/posts\/1840\/revisions"}],"predecessor-version":[{"id":1841,"href":"https:\/\/hakansonunited.se\/sv\/wp-json\/wp\/v2\/posts\/1840\/revisions\/1841"}],"wp:featuredmedia":[{"embeddable":true,"href":"https:\/\/hakansonunited.se\/sv\/wp-json\/wp\/v2\/media\/1699"}],"wp:attachment":[{"href":"https:\/\/hakansonunited.se\/sv\/wp-json\/wp\/v2\/media?parent=1840"}],"wp:term":[{"taxonomy":"category","embeddable":true,"href":"https:\/\/hakansonunited.se\/sv\/wp-json\/wp\/v2\/categories?post=1840"},{"taxonomy":"post_tag","embeddable":true,"href":"https:\/\/hakansonunited.se\/sv\/wp-json\/wp\/v2\/tags?post=1840"}],"curies":[{"name":"wp","href":"https:\/\/api.w.org\/{rel}","templated":true}]}}