{"id":1836,"date":"2020-07-08T13:06:00","date_gmt":"2020-07-08T11:06:00","guid":{"rendered":"https:\/\/hakansonunited.se\/2020\/07\/08\/sca-startar-skogsaventyret-kalla-champs-med-charlotte-kalla\/"},"modified":"2025-01-14T16:03:37","modified_gmt":"2025-01-14T15:03:37","slug":"sca-startar-skogsaventyret-kalla-champs-med-charlotte-kalla","status":"publish","type":"post","link":"https:\/\/hakansonunited.se\/sv\/2020\/07\/08\/sca-startar-skogsaventyret-kalla-champs-med-charlotte-kalla\/","title":{"rendered":"SCA startar skogs\u00e4ventyret \u201dKalla Champs\u201d med Charlotte Kalla"},"content":{"rendered":"\n<p><strong>SCA startar nu skogs\u00e4ventyret \u201dKalla Champs\u201d f\u00f6r barn och unga tillsammans med skidstj\u00e4rnan Charlotte Kalla. Ans\u00f6kningsperioden \u00f6ppnar 14 oktober. Syftet \u00e4r att f\u00e5 fler barn och unga att komma ut i skog och natur p\u00e5 ett lekfullt och lustfyllt s\u00e4tt. Initiativet grundar sig i \u00f6vertygelsen fr\u00e5n b\u00e5da parterna om skogens kraft och dess positiva p\u00e5verkan p\u00e5 h\u00e4lsan. <\/strong><\/p>\n\n<p>Ans\u00f6kningsperioden \u00f6ppnar 14 oktober och idrottslag fr\u00e5n hela landet, med ungdomar mellan 10 och 13 \u00e5r, kan delta genom att bidra med sitt b\u00e4sta tr\u00e4ningstips fr\u00e5n skogen. Fyra bidrag kommer v\u00e4ljas ut av en jury och g\u00e5r vidare till slutt\u00e4vlingen \u201dKalla Champs\u201d i Sundsvall i maj 2020. D\u00e4r kommer lagen m\u00f6tas i en sp\u00e4nnande po\u00e4ngjakt, under ledning av Charlotte Kalla, d\u00e4r list, k\u00e4mpagl\u00f6d och laganda blir nyckeln till framg\u00e5ng. F\u00f6rutom \u00e4ran f\u00e5r det vinnande laget 30 000 kr till lagkassan.<br\/><\/p>\n\n<p><em>\u2013 Vi v\u00e4rnar om skogen i allt vi g\u00f6r, d\u00e4rf\u00f6r k\u00e4nns det extra kul att satsa p\u00e5 skogs\u00e4ventyret Kalla Champs tillsammans med Charlotte Kalla. Vi b\u00e5da drivs av skogens kraft och hoppas nu p\u00e5 att inspirera fler att hitta sin relation till naturen och skogen, <\/em>s\u00e4ger Bj\u00f6rn Lyngfelt, p\u00e5 SCA.<\/p>\n\n<p>Charlotte Kalla har alltid haft en n\u00e4ra relation till naturen d\u00e5 hon ofta tr\u00e4nar d\u00e4r och kallar skogen f\u00f6r sitt kontor. Nu vill hon att t\u00e4vlingen ska g\u00f6ra s\u00e5 att fler barn och ungdomslag b\u00f6rjar se skogen som en plats b\u00e5de f\u00f6r uppladdning och nedvarvning. <\/p>\n\n<p>\u2013 <em>Jag vet sj\u00e4lv hur bra jag m\u00e5r av att vistas i naturen, det \u00e4r min arbetsplats. Det \u00e4r inte bara ett st\u00e4lle d\u00e4r jag kan r\u00f6ra p\u00e5 mig, det \u00e4r ocks\u00e5 en plats att varva ner, d\u00e4r jag verkligen kan hitta lugnet. Studier visar att fler lider av exempelvis stress, depression och psykisk oh\u00e4lsa, speciellt barn. Det h\u00e4r \u00e4r en fr\u00e5ga jag verkligen brinner f\u00f6r och d\u00e4rf\u00f6r k\u00e4nns det viktigt att nu f\u00e5 starta det h\u00e4r projektet. F\u00f6rhoppningsvis kommer det g\u00f6ra s\u00e5 att fler barn och unga kommer ut i naturen och m\u00e5r b\u00e4ttre<\/em>, s\u00e4ger Charlotte Kalla.<\/p>\n\n<p><strong>S\u00e5h\u00e4r g\u00e5r t\u00e4vlingen till?<\/strong><\/p>\n\n<ul class=\"wp-block-list\">\n<li>Klubbar och idrottslag med barn\/ungdomar 10-13 \u00e5r har m\u00f6jlighet att delta.<\/li>\n\n\n\n<li>Klubbarna och idrottslagen anm\u00e4ler sig till t\u00e4vlingen genom att skicka in sitt mest inspirerande och kreativa tr\u00e4ningstips fr\u00e5n skogen via Kalla Champs hemsida. <\/li>\n\n\n\n<li>Fyra lag v\u00e4ljs ut av en jury mars 2020. <\/li>\n\n\n\n<li>De utvalda lagen m\u00f6ts i en sp\u00e4nnande slutt\u00e4vling i Sundsvall 9-10 maj 2020, T\u00e4vlingsledare \u00e4r Charlotte Kalla.<\/li>\n\n\n\n<li>Vinnaren av \u201dKalla Champs\u201d f\u00e5r f\u00f6rutom \u00e4ran ocks\u00e5 30 000kr till lagkassan.<\/li>\n\n\n\n<li>\u00d6vriga deltagande lag f\u00e5r 10 000kr var till lagkassan. <\/li>\n<\/ul>\n\n<p><strong>Om SCA<\/strong><br\/>K\u00e4rnan i SCAs verksamhet \u00e4r skogen, Europas st\u00f6rsta privata skogsinnehav. Kring denna unika resurs har vi byggt en v\u00e4lutvecklad v\u00e4rdekedja baserad p\u00e5 f\u00f6rnybar r\u00e5vara fr\u00e5n v\u00e5ra egna och andras skogar. Vi erbjuder papper f\u00f6r f\u00f6rpackningar och tryck, massa, tr\u00e4varor, f\u00f6rnybar energi, tj\u00e4nster f\u00f6r skogs\u00e4gare och effektiva transportl\u00f6sningar. Skogsbolaget SCA hade 2018 ca 4 000 anst\u00e4llda och en f\u00f6rs\u00e4ljning p\u00e5 18,8 miljarder kronor. SCA grundades 1929 och har sitt huvudkontor i Sundsvall. F\u00f6r mer information, bes\u00f6k <a href=\"https:\/\/www.sca.com\/sv\/\">www.sca.com<\/a><\/p>\n\n<p>F\u00f6r mer information kontakta:<br\/>Johanna Gbenplay, SCA<br\/><a href=\"mailto:johanna.gbenplay@sca.com\">johanna.gbenplay@sca.com<\/a><br\/>+46 723 527 160<\/p>\n\n<p><a href=\"http:\/\/WWW.KALLACHAMPS.SE\"><strong>WWW.KALLACHAMPS.SE<\/strong><\/a><\/p>\n","protected":false},"excerpt":{"rendered":"<p>SCA startar nu skogs\u00e4ventyret \u201dKalla Champs\u201d f\u00f6r barn och unga tillsammans med skidstj\u00e4rnan Charlotte Kalla. Ans\u00f6kningsperioden \u00f6ppnar 14 oktober. Syftet \u00e4r att f\u00e5 fler barn och unga att komma ut i skog och natur p\u00e5 ett lekfullt och lustfyllt s\u00e4tt. Initiativet grundar sig i \u00f6vertygelsen fr\u00e5n b\u00e5da parterna om skogens kraft och dess positiva p\u00e5verkan [&hellip;]<\/p>\n","protected":false},"author":2,"featured_media":1598,"comment_status":"closed","ping_status":"closed","sticky":false,"template":"","format":"standard","meta":{"inline_featured_image":false,"footnotes":""},"categories":[24,25,27],"tags":[],"class_list":["post-1836","post","type-post","status-publish","format-standard","has-post-thumbnail","hentry","category-atleter","category-creative-sport-agency-sv","category-pressreleaser"],"yoast_head":"<!-- This site is optimized with the Yoast SEO plugin v27.3 - https:\/\/yoast.com\/product\/yoast-seo-wordpress\/ -->\n<title>SCA startar skogs\u00e4ventyret \u201dKalla Champs\u201d med Charlotte Kalla - H\u00e5kanson United<\/title>\n<meta name=\"robots\" content=\"index, follow, max-snippet:-1, max-image-preview:large, max-video-preview:-1\" \/>\n<link rel=\"canonical\" href=\"https:\/\/hakansonunited.se\/sv\/2020\/07\/08\/sca-startar-skogsaventyret-kalla-champs-med-charlotte-kalla\/\" \/>\n<meta property=\"og:locale\" content=\"sv_SE\" \/>\n<meta property=\"og:type\" content=\"article\" \/>\n<meta property=\"og:title\" content=\"SCA startar skogs\u00e4ventyret \u201dKalla Champs\u201d med Charlotte Kalla - H\u00e5kanson United\" \/>\n<meta property=\"og:description\" content=\"SCA startar nu skogs\u00e4ventyret \u201dKalla Champs\u201d f\u00f6r barn och unga tillsammans med skidstj\u00e4rnan Charlotte Kalla. Ans\u00f6kningsperioden \u00f6ppnar 14 oktober. Syftet \u00e4r att f\u00e5 fler barn och unga att komma ut i skog och natur p\u00e5 ett lekfullt och lustfyllt s\u00e4tt. Initiativet grundar sig i \u00f6vertygelsen fr\u00e5n b\u00e5da parterna om skogens kraft och dess positiva p\u00e5verkan [&hellip;]\" \/>\n<meta property=\"og:url\" content=\"https:\/\/hakansonunited.se\/sv\/2020\/07\/08\/sca-startar-skogsaventyret-kalla-champs-med-charlotte-kalla\/\" \/>\n<meta property=\"og:site_name\" content=\"H\u00e5kanson United\" \/>\n<meta property=\"article:publisher\" content=\"https:\/\/www.facebook.com\/HakansonUnited\/\" \/>\n<meta property=\"article:published_time\" content=\"2020-07-08T11:06:00+00:00\" \/>\n<meta property=\"article:modified_time\" content=\"2025-01-14T15:03:37+00:00\" \/>\n<meta property=\"og:image\" content=\"https:\/\/hakansonunited.se\/wp-content\/uploads\/2023\/01\/kallachamps-header.png\" \/>\n\t<meta property=\"og:image:width\" content=\"1000\" \/>\n\t<meta property=\"og:image:height\" content=\"688\" \/>\n\t<meta property=\"og:image:type\" content=\"image\/png\" \/>\n<meta name=\"author\" content=\"Emanuel Hallklint\" \/>\n<meta name=\"twitter:card\" content=\"summary_large_image\" \/>\n<meta name=\"twitter:label1\" content=\"Skriven av\" \/>\n\t<meta name=\"twitter:data1\" content=\"Emanuel Hallklint\" \/>\n\t<meta name=\"twitter:label2\" content=\"Ber\u00e4knad l\u00e4stid\" \/>\n\t<meta name=\"twitter:data2\" content=\"3 minuter\" \/>\n<script type=\"application\/ld+json\" class=\"yoast-schema-graph\">{\"@context\":\"https:\\\/\\\/schema.org\",\"@graph\":[{\"@type\":\"Article\",\"@id\":\"https:\\\/\\\/hakansonunited.se\\\/sv\\\/2020\\\/07\\\/08\\\/sca-startar-skogsaventyret-kalla-champs-med-charlotte-kalla\\\/#article\",\"isPartOf\":{\"@id\":\"https:\\\/\\\/hakansonunited.se\\\/sv\\\/2020\\\/07\\\/08\\\/sca-startar-skogsaventyret-kalla-champs-med-charlotte-kalla\\\/\"},\"author\":{\"name\":\"Emanuel Hallklint\",\"@id\":\"https:\\\/\\\/hakansonunited.se\\\/sv\\\/#\\\/schema\\\/person\\\/d69b5b966efb49dc6f09fdfd82839aaa\"},\"headline\":\"SCA startar skogs\u00e4ventyret \u201dKalla Champs\u201d med Charlotte Kalla\",\"datePublished\":\"2020-07-08T11:06:00+00:00\",\"dateModified\":\"2025-01-14T15:03:37+00:00\",\"mainEntityOfPage\":{\"@id\":\"https:\\\/\\\/hakansonunited.se\\\/sv\\\/2020\\\/07\\\/08\\\/sca-startar-skogsaventyret-kalla-champs-med-charlotte-kalla\\\/\"},\"wordCount\":604,\"publisher\":{\"@id\":\"https:\\\/\\\/hakansonunited.se\\\/sv\\\/#organization\"},\"image\":{\"@id\":\"https:\\\/\\\/hakansonunited.se\\\/sv\\\/2020\\\/07\\\/08\\\/sca-startar-skogsaventyret-kalla-champs-med-charlotte-kalla\\\/#primaryimage\"},\"thumbnailUrl\":\"https:\\\/\\\/hakansonunited.se\\\/wp-content\\\/uploads\\\/2023\\\/01\\\/kallachamps-header.png\",\"articleSection\":[\"Atleter\",\"Creative Sport Agency\",\"Pressreleaser\"],\"inLanguage\":\"sv-SE\"},{\"@type\":\"WebPage\",\"@id\":\"https:\\\/\\\/hakansonunited.se\\\/sv\\\/2020\\\/07\\\/08\\\/sca-startar-skogsaventyret-kalla-champs-med-charlotte-kalla\\\/\",\"url\":\"https:\\\/\\\/hakansonunited.se\\\/sv\\\/2020\\\/07\\\/08\\\/sca-startar-skogsaventyret-kalla-champs-med-charlotte-kalla\\\/\",\"name\":\"SCA startar skogs\u00e4ventyret \u201dKalla Champs\u201d med Charlotte Kalla - H\u00e5kanson United\",\"isPartOf\":{\"@id\":\"https:\\\/\\\/hakansonunited.se\\\/sv\\\/#website\"},\"primaryImageOfPage\":{\"@id\":\"https:\\\/\\\/hakansonunited.se\\\/sv\\\/2020\\\/07\\\/08\\\/sca-startar-skogsaventyret-kalla-champs-med-charlotte-kalla\\\/#primaryimage\"},\"image\":{\"@id\":\"https:\\\/\\\/hakansonunited.se\\\/sv\\\/2020\\\/07\\\/08\\\/sca-startar-skogsaventyret-kalla-champs-med-charlotte-kalla\\\/#primaryimage\"},\"thumbnailUrl\":\"https:\\\/\\\/hakansonunited.se\\\/wp-content\\\/uploads\\\/2023\\\/01\\\/kallachamps-header.png\",\"datePublished\":\"2020-07-08T11:06:00+00:00\",\"dateModified\":\"2025-01-14T15:03:37+00:00\",\"breadcrumb\":{\"@id\":\"https:\\\/\\\/hakansonunited.se\\\/sv\\\/2020\\\/07\\\/08\\\/sca-startar-skogsaventyret-kalla-champs-med-charlotte-kalla\\\/#breadcrumb\"},\"inLanguage\":\"sv-SE\",\"potentialAction\":[{\"@type\":\"ReadAction\",\"target\":[\"https:\\\/\\\/hakansonunited.se\\\/sv\\\/2020\\\/07\\\/08\\\/sca-startar-skogsaventyret-kalla-champs-med-charlotte-kalla\\\/\"]}]},{\"@type\":\"ImageObject\",\"inLanguage\":\"sv-SE\",\"@id\":\"https:\\\/\\\/hakansonunited.se\\\/sv\\\/2020\\\/07\\\/08\\\/sca-startar-skogsaventyret-kalla-champs-med-charlotte-kalla\\\/#primaryimage\",\"url\":\"https:\\\/\\\/hakansonunited.se\\\/wp-content\\\/uploads\\\/2023\\\/01\\\/kallachamps-header.png\",\"contentUrl\":\"https:\\\/\\\/hakansonunited.se\\\/wp-content\\\/uploads\\\/2023\\\/01\\\/kallachamps-header.png\",\"width\":1000,\"height\":688},{\"@type\":\"BreadcrumbList\",\"@id\":\"https:\\\/\\\/hakansonunited.se\\\/sv\\\/2020\\\/07\\\/08\\\/sca-startar-skogsaventyret-kalla-champs-med-charlotte-kalla\\\/#breadcrumb\",\"itemListElement\":[{\"@type\":\"ListItem\",\"position\":1,\"name\":\"Home\",\"item\":\"https:\\\/\\\/hakansonunited.se\\\/sv\\\/\"},{\"@type\":\"ListItem\",\"position\":2,\"name\":\"SCA startar skogs\u00e4ventyret \u201dKalla Champs\u201d med Charlotte Kalla\"}]},{\"@type\":\"WebSite\",\"@id\":\"https:\\\/\\\/hakansonunited.se\\\/sv\\\/#website\",\"url\":\"https:\\\/\\\/hakansonunited.se\\\/sv\\\/\",\"name\":\"H\u00e5kanson United\",\"description\":\"We help brands do well by doing good\",\"publisher\":{\"@id\":\"https:\\\/\\\/hakansonunited.se\\\/sv\\\/#organization\"},\"potentialAction\":[{\"@type\":\"SearchAction\",\"target\":{\"@type\":\"EntryPoint\",\"urlTemplate\":\"https:\\\/\\\/hakansonunited.se\\\/sv\\\/?s={search_term_string}\"},\"query-input\":{\"@type\":\"PropertyValueSpecification\",\"valueRequired\":true,\"valueName\":\"search_term_string\"}}],\"inLanguage\":\"sv-SE\"},{\"@type\":\"Organization\",\"@id\":\"https:\\\/\\\/hakansonunited.se\\\/sv\\\/#organization\",\"name\":\"H\u00e5kanson United\",\"url\":\"https:\\\/\\\/hakansonunited.se\\\/sv\\\/\",\"logo\":{\"@type\":\"ImageObject\",\"inLanguage\":\"sv-SE\",\"@id\":\"https:\\\/\\\/hakansonunited.se\\\/sv\\\/#\\\/schema\\\/logo\\\/image\\\/\",\"url\":\"https:\\\/\\\/hakansonunited.se\\\/wp-content\\\/uploads\\\/2023\\\/01\\\/hakanson-united-logo.png\",\"contentUrl\":\"https:\\\/\\\/hakansonunited.se\\\/wp-content\\\/uploads\\\/2023\\\/01\\\/hakanson-united-logo.png\",\"width\":300,\"height\":116,\"caption\":\"H\u00e5kanson United\"},\"image\":{\"@id\":\"https:\\\/\\\/hakansonunited.se\\\/sv\\\/#\\\/schema\\\/logo\\\/image\\\/\"},\"sameAs\":[\"https:\\\/\\\/www.facebook.com\\\/HakansonUnited\\\/\"]},{\"@type\":\"Person\",\"@id\":\"https:\\\/\\\/hakansonunited.se\\\/sv\\\/#\\\/schema\\\/person\\\/d69b5b966efb49dc6f09fdfd82839aaa\",\"name\":\"Emanuel Hallklint\",\"image\":{\"@type\":\"ImageObject\",\"inLanguage\":\"sv-SE\",\"@id\":\"https:\\\/\\\/secure.gravatar.com\\\/avatar\\\/441c8c24e32381018a6afa8a180caa37516cc861c5a6819e988ade64b7a89e4e?s=96&d=mm&r=g\",\"url\":\"https:\\\/\\\/secure.gravatar.com\\\/avatar\\\/441c8c24e32381018a6afa8a180caa37516cc861c5a6819e988ade64b7a89e4e?s=96&d=mm&r=g\",\"contentUrl\":\"https:\\\/\\\/secure.gravatar.com\\\/avatar\\\/441c8c24e32381018a6afa8a180caa37516cc861c5a6819e988ade64b7a89e4e?s=96&d=mm&r=g\",\"caption\":\"Emanuel Hallklint\"},\"url\":\"https:\\\/\\\/hakansonunited.se\\\/sv\\\/author\\\/emanuel\\\/\"}]}<\/script>\n<!-- \/ Yoast SEO plugin. -->","yoast_head_json":{"title":"SCA startar skogs\u00e4ventyret \u201dKalla Champs\u201d med Charlotte Kalla - H\u00e5kanson United","robots":{"index":"index","follow":"follow","max-snippet":"max-snippet:-1","max-image-preview":"max-image-preview:large","max-video-preview":"max-video-preview:-1"},"canonical":"https:\/\/hakansonunited.se\/sv\/2020\/07\/08\/sca-startar-skogsaventyret-kalla-champs-med-charlotte-kalla\/","og_locale":"sv_SE","og_type":"article","og_title":"SCA startar skogs\u00e4ventyret \u201dKalla Champs\u201d med Charlotte Kalla - H\u00e5kanson United","og_description":"SCA startar nu skogs\u00e4ventyret \u201dKalla Champs\u201d f\u00f6r barn och unga tillsammans med skidstj\u00e4rnan Charlotte Kalla. Ans\u00f6kningsperioden \u00f6ppnar 14 oktober. Syftet \u00e4r att f\u00e5 fler barn och unga att komma ut i skog och natur p\u00e5 ett lekfullt och lustfyllt s\u00e4tt. Initiativet grundar sig i \u00f6vertygelsen fr\u00e5n b\u00e5da parterna om skogens kraft och dess positiva p\u00e5verkan [&hellip;]","og_url":"https:\/\/hakansonunited.se\/sv\/2020\/07\/08\/sca-startar-skogsaventyret-kalla-champs-med-charlotte-kalla\/","og_site_name":"H\u00e5kanson United","article_publisher":"https:\/\/www.facebook.com\/HakansonUnited\/","article_published_time":"2020-07-08T11:06:00+00:00","article_modified_time":"2025-01-14T15:03:37+00:00","og_image":[{"width":1000,"height":688,"url":"https:\/\/hakansonunited.se\/wp-content\/uploads\/2023\/01\/kallachamps-header.png","type":"image\/png"}],"author":"Emanuel Hallklint","twitter_card":"summary_large_image","twitter_misc":{"Skriven av":"Emanuel Hallklint","Ber\u00e4knad l\u00e4stid":"3 minuter"},"schema":{"@context":"https:\/\/schema.org","@graph":[{"@type":"Article","@id":"https:\/\/hakansonunited.se\/sv\/2020\/07\/08\/sca-startar-skogsaventyret-kalla-champs-med-charlotte-kalla\/#article","isPartOf":{"@id":"https:\/\/hakansonunited.se\/sv\/2020\/07\/08\/sca-startar-skogsaventyret-kalla-champs-med-charlotte-kalla\/"},"author":{"name":"Emanuel Hallklint","@id":"https:\/\/hakansonunited.se\/sv\/#\/schema\/person\/d69b5b966efb49dc6f09fdfd82839aaa"},"headline":"SCA startar skogs\u00e4ventyret \u201dKalla Champs\u201d med Charlotte Kalla","datePublished":"2020-07-08T11:06:00+00:00","dateModified":"2025-01-14T15:03:37+00:00","mainEntityOfPage":{"@id":"https:\/\/hakansonunited.se\/sv\/2020\/07\/08\/sca-startar-skogsaventyret-kalla-champs-med-charlotte-kalla\/"},"wordCount":604,"publisher":{"@id":"https:\/\/hakansonunited.se\/sv\/#organization"},"image":{"@id":"https:\/\/hakansonunited.se\/sv\/2020\/07\/08\/sca-startar-skogsaventyret-kalla-champs-med-charlotte-kalla\/#primaryimage"},"thumbnailUrl":"https:\/\/hakansonunited.se\/wp-content\/uploads\/2023\/01\/kallachamps-header.png","articleSection":["Atleter","Creative Sport Agency","Pressreleaser"],"inLanguage":"sv-SE"},{"@type":"WebPage","@id":"https:\/\/hakansonunited.se\/sv\/2020\/07\/08\/sca-startar-skogsaventyret-kalla-champs-med-charlotte-kalla\/","url":"https:\/\/hakansonunited.se\/sv\/2020\/07\/08\/sca-startar-skogsaventyret-kalla-champs-med-charlotte-kalla\/","name":"SCA startar skogs\u00e4ventyret \u201dKalla Champs\u201d med Charlotte Kalla - H\u00e5kanson United","isPartOf":{"@id":"https:\/\/hakansonunited.se\/sv\/#website"},"primaryImageOfPage":{"@id":"https:\/\/hakansonunited.se\/sv\/2020\/07\/08\/sca-startar-skogsaventyret-kalla-champs-med-charlotte-kalla\/#primaryimage"},"image":{"@id":"https:\/\/hakansonunited.se\/sv\/2020\/07\/08\/sca-startar-skogsaventyret-kalla-champs-med-charlotte-kalla\/#primaryimage"},"thumbnailUrl":"https:\/\/hakansonunited.se\/wp-content\/uploads\/2023\/01\/kallachamps-header.png","datePublished":"2020-07-08T11:06:00+00:00","dateModified":"2025-01-14T15:03:37+00:00","breadcrumb":{"@id":"https:\/\/hakansonunited.se\/sv\/2020\/07\/08\/sca-startar-skogsaventyret-kalla-champs-med-charlotte-kalla\/#breadcrumb"},"inLanguage":"sv-SE","potentialAction":[{"@type":"ReadAction","target":["https:\/\/hakansonunited.se\/sv\/2020\/07\/08\/sca-startar-skogsaventyret-kalla-champs-med-charlotte-kalla\/"]}]},{"@type":"ImageObject","inLanguage":"sv-SE","@id":"https:\/\/hakansonunited.se\/sv\/2020\/07\/08\/sca-startar-skogsaventyret-kalla-champs-med-charlotte-kalla\/#primaryimage","url":"https:\/\/hakansonunited.se\/wp-content\/uploads\/2023\/01\/kallachamps-header.png","contentUrl":"https:\/\/hakansonunited.se\/wp-content\/uploads\/2023\/01\/kallachamps-header.png","width":1000,"height":688},{"@type":"BreadcrumbList","@id":"https:\/\/hakansonunited.se\/sv\/2020\/07\/08\/sca-startar-skogsaventyret-kalla-champs-med-charlotte-kalla\/#breadcrumb","itemListElement":[{"@type":"ListItem","position":1,"name":"Home","item":"https:\/\/hakansonunited.se\/sv\/"},{"@type":"ListItem","position":2,"name":"SCA startar skogs\u00e4ventyret \u201dKalla Champs\u201d med Charlotte Kalla"}]},{"@type":"WebSite","@id":"https:\/\/hakansonunited.se\/sv\/#website","url":"https:\/\/hakansonunited.se\/sv\/","name":"H\u00e5kanson United","description":"We help brands do well by doing good","publisher":{"@id":"https:\/\/hakansonunited.se\/sv\/#organization"},"potentialAction":[{"@type":"SearchAction","target":{"@type":"EntryPoint","urlTemplate":"https:\/\/hakansonunited.se\/sv\/?s={search_term_string}"},"query-input":{"@type":"PropertyValueSpecification","valueRequired":true,"valueName":"search_term_string"}}],"inLanguage":"sv-SE"},{"@type":"Organization","@id":"https:\/\/hakansonunited.se\/sv\/#organization","name":"H\u00e5kanson United","url":"https:\/\/hakansonunited.se\/sv\/","logo":{"@type":"ImageObject","inLanguage":"sv-SE","@id":"https:\/\/hakansonunited.se\/sv\/#\/schema\/logo\/image\/","url":"https:\/\/hakansonunited.se\/wp-content\/uploads\/2023\/01\/hakanson-united-logo.png","contentUrl":"https:\/\/hakansonunited.se\/wp-content\/uploads\/2023\/01\/hakanson-united-logo.png","width":300,"height":116,"caption":"H\u00e5kanson United"},"image":{"@id":"https:\/\/hakansonunited.se\/sv\/#\/schema\/logo\/image\/"},"sameAs":["https:\/\/www.facebook.com\/HakansonUnited\/"]},{"@type":"Person","@id":"https:\/\/hakansonunited.se\/sv\/#\/schema\/person\/d69b5b966efb49dc6f09fdfd82839aaa","name":"Emanuel Hallklint","image":{"@type":"ImageObject","inLanguage":"sv-SE","@id":"https:\/\/secure.gravatar.com\/avatar\/441c8c24e32381018a6afa8a180caa37516cc861c5a6819e988ade64b7a89e4e?s=96&d=mm&r=g","url":"https:\/\/secure.gravatar.com\/avatar\/441c8c24e32381018a6afa8a180caa37516cc861c5a6819e988ade64b7a89e4e?s=96&d=mm&r=g","contentUrl":"https:\/\/secure.gravatar.com\/avatar\/441c8c24e32381018a6afa8a180caa37516cc861c5a6819e988ade64b7a89e4e?s=96&d=mm&r=g","caption":"Emanuel Hallklint"},"url":"https:\/\/hakansonunited.se\/sv\/author\/emanuel\/"}]}},"_links":{"self":[{"href":"https:\/\/hakansonunited.se\/sv\/wp-json\/wp\/v2\/posts\/1836","targetHints":{"allow":["GET"]}}],"collection":[{"href":"https:\/\/hakansonunited.se\/sv\/wp-json\/wp\/v2\/posts"}],"about":[{"href":"https:\/\/hakansonunited.se\/sv\/wp-json\/wp\/v2\/types\/post"}],"author":[{"embeddable":true,"href":"https:\/\/hakansonunited.se\/sv\/wp-json\/wp\/v2\/users\/2"}],"replies":[{"embeddable":true,"href":"https:\/\/hakansonunited.se\/sv\/wp-json\/wp\/v2\/comments?post=1836"}],"version-history":[{"count":1,"href":"https:\/\/hakansonunited.se\/sv\/wp-json\/wp\/v2\/posts\/1836\/revisions"}],"predecessor-version":[{"id":1837,"href":"https:\/\/hakansonunited.se\/sv\/wp-json\/wp\/v2\/posts\/1836\/revisions\/1837"}],"wp:featuredmedia":[{"embeddable":true,"href":"https:\/\/hakansonunited.se\/sv\/wp-json\/wp\/v2\/media\/1598"}],"wp:attachment":[{"href":"https:\/\/hakansonunited.se\/sv\/wp-json\/wp\/v2\/media?parent=1836"}],"wp:term":[{"taxonomy":"category","embeddable":true,"href":"https:\/\/hakansonunited.se\/sv\/wp-json\/wp\/v2\/categories?post=1836"},{"taxonomy":"post_tag","embeddable":true,"href":"https:\/\/hakansonunited.se\/sv\/wp-json\/wp\/v2\/tags?post=1836"}],"curies":[{"name":"wp","href":"https:\/\/api.w.org\/{rel}","templated":true}]}}